{"id":18620,"date":"2017-02-16T13:20:00","date_gmt":"2017-02-16T13:20:00","guid":{"rendered":"https:\/\/losnaranjos.com\/los-naranjos-ryder-cup-2016-inaugurates-the-new-season-of-events-at-los-naranjos-gc\/"},"modified":"2022-01-13T13:26:31","modified_gmt":"2022-01-13T13:26:31","slug":"los-naranjos-ryder-cup-2016-inaugurates-the-new-season-of-events-at-los-naranjos-gc","status":"publish","type":"post","link":"https:\/\/losnaranjos.com\/sv\/los-naranjos-ryder-cup-2016-inaugurates-the-new-season-of-events-at-los-naranjos-gc\/","title":{"rendered":"Los Naranjos Ryder Cup 2016 inviger den nya s\u00e4songen av evenemang p\u00e5 Los Naranjos GC"},"content":{"rendered":"\t\t<div data-elementor-type=\"wp-post\" data-elementor-id=\"18620\" class=\"elementor elementor-18620\" data-elementor-post-type=\"post\">\n\t\t\t\t\t\t<section class=\"elementor-section elementor-top-section elementor-element elementor-element-d875816 elementor-section-boxed elementor-section-height-default elementor-section-height-default\" data-id=\"d875816\" data-element_type=\"section\" data-e-type=\"section\">\n\t\t\t\t\t\t<div class=\"elementor-container elementor-column-gap-default\">\n\t\t\t\t\t<div class=\"elementor-column elementor-col-100 elementor-top-column elementor-element elementor-element-28df3f0\" data-id=\"28df3f0\" data-element_type=\"column\" data-e-type=\"column\">\n\t\t\t<div class=\"elementor-widget-wrap elementor-element-populated\">\n\t\t\t\t\t\t<div class=\"elementor-element elementor-element-8b33b0f elementor-widget elementor-widget-text-editor\" data-id=\"8b33b0f\" data-element_type=\"widget\" data-e-type=\"widget\" data-widget_type=\"text-editor.default\">\n\t\t\t\t<div class=\"elementor-widget-container\">\n\t\t\t\t\t\t\t\t\t<p>F\u00f6r ett par helger sedan, med invigning av oktober m\u00e5nad, \u00e4gde en av de f\u00f6rsta viktiga m\u00f6tena rum i Los Naranjos GC: Los Naranjos Ryder Cup 2016. En helg d\u00e4r det har varit mycket golf, t\u00e4vling, v\u00e4nskap, vissa f\u00f6rh\u00e5llanden avundsv\u00e4rda prognoser och naturligtvis en turnering som lever upp till de utsikter som golfbanan alltid bjuder p\u00e5.<\/p><p>Anf\u00f6rda av engelsmannen Paul Bramley segrade \u00e4ntligen det svarta laget &#8221;The Black Team&#8221; i s\u00f6ndags, p\u00e5 sista dagen av Ryder Cup Naranjos 2016 med en po\u00e4ng p\u00e5 24, mot det svenska laget Daniel Johansson, med 16 po\u00e4ng. B\u00e5da lagen har k\u00e4mpat till slutet, i en t\u00e4vling som b\u00f6rjade l\u00f6rdagen den 1 oktober och d\u00e4r de har kunnat njuta av faciliteter i perfekt skick, f\u00f6rdelarna som The Restaurant hade f\u00f6rberett under hela helgen och en avundsv\u00e4rd publik.<\/p><p>Los Naranjos Ryder Cup har utan tvekan varit en av de f\u00f6rsta stora evenemangen som n\u00e5gon golfspelare borde s\u00e4tta p\u00e5 sin agenda. En av de f\u00f6rsta bland det fullsp\u00e4ckade schemat som Los Naranjos just presenterat. Deras evenemangskalender som finns tillg\u00e4nglig p\u00e5 hemsidan visar att de inte bara har veckoturneringar utan att det ocks\u00e5 kommer att finnas andra specifika evenemang som ett tecken p\u00e5 den eminent kosmopolitiska och internationella karakt\u00e4r som denna golfklubb alltid har visat.<\/p><p>Tv\u00e5 lag har deltagit i Ryder Cup: det svarta laget och det orangea laget. Kapten f\u00f6r det orangea laget var Daniel Johansson och kaptenen f\u00f6r det svarta laget, Paul Bramley. Foursome and Best Ball Modalities, d\u00e4r reglerna och andra egenskaper f\u00f6rklarades grundligt i \u00f6ppningsceremonin som \u00e4gde rum l\u00f6rdagen den 1 oktober, t\u00e4vlingens f\u00f6rsta dag.<\/p><p>P\u00e5 finaldagen, i s\u00f6ndags, h\u00f6lls en BBQ Buffet d\u00e4r b\u00e5de familj och v\u00e4nner kan fira denna stora h\u00e4ndelse. Kommande evenemang och turneringar p\u00e5 Los Naranjos GC kommer att publiceras i god tid i f\u00f6rv\u00e4g p\u00e5 evenemangskalendern online s\u00e5 att ingen spelare kan f\u00f6rbises.<\/p>\t\t\t\t\t\t\t\t<\/div>\n\t\t\t\t<\/div>\n\t\t\t\t\t<\/div>\n\t\t<\/div>\n\t\t\t\t\t<\/div>\n\t\t<\/section>\n\t\t\t\t<\/div>\n\t\t","protected":false},"excerpt":{"rendered":"<p>F\u00f6r ett par helger sedan, med invigning av oktober m\u00e5nad, \u00e4gde en av de f\u00f6rsta viktiga m\u00f6tena rum i Los Naranjos GC: Los Naranjos Ryder Cup 2016. En helg d\u00e4r det har varit mycket golf, t\u00e4vling, v\u00e4nskap, vissa f\u00f6rh\u00e5llanden avundsv\u00e4rda prognoser och naturligtvis en turnering som lever upp till de utsikter som golfbanan alltid bjuder [&hellip;]<\/p>\n","protected":false},"author":2,"featured_media":18605,"comment_status":"open","ping_status":"open","sticky":false,"template":"","format":"standard","meta":{"_acf_changed":false,"site-sidebar-layout":"no-sidebar","site-content-layout":"plain-container","ast-site-content-layout":"default","site-content-style":"default","site-sidebar-style":"default","ast-global-header-display":"","ast-banner-title-visibility":"","ast-main-header-display":"","ast-hfb-above-header-display":"","ast-hfb-below-header-display":"","ast-hfb-mobile-header-display":"","site-post-title":"","ast-breadcrumbs-content":"","ast-featured-img":"","footer-sml-layout":"","ast-disable-related-posts":"","theme-transparent-header-meta":"","adv-header-id-meta":"","stick-header-meta":"","header-above-stick-meta":"","header-main-stick-meta":"","header-below-stick-meta":"","astra-migrate-meta-layouts":"default","ast-page-background-enabled":"default","ast-page-background-meta":{"desktop":{"background-color":"","background-image":"","background-repeat":"repeat","background-position":"center center","background-size":"auto","background-attachment":"scroll","background-type":"","background-media":"","overlay-type":"","overlay-color":"","overlay-opacity":"","overlay-gradient":""},"tablet":{"background-color":"","background-image":"","background-repeat":"repeat","background-position":"center center","background-size":"auto","background-attachment":"scroll","background-type":"","background-media":"","overlay-type":"","overlay-color":"","overlay-opacity":"","overlay-gradient":""},"mobile":{"background-color":"","background-image":"","background-repeat":"repeat","background-position":"center center","background-size":"auto","background-attachment":"scroll","background-type":"","background-media":"","overlay-type":"","overlay-color":"","overlay-opacity":"","overlay-gradient":""}},"ast-content-background-meta":{"desktop":{"background-color":"var(--ast-global-color-5)","background-image":"","background-repeat":"repeat","background-position":"center center","background-size":"auto","background-attachment":"scroll","background-type":"","background-media":"","overlay-type":"","overlay-color":"","overlay-opacity":"","overlay-gradient":""},"tablet":{"background-color":"var(--ast-global-color-5)","background-image":"","background-repeat":"repeat","background-position":"center center","background-size":"auto","background-attachment":"scroll","background-type":"","background-media":"","overlay-type":"","overlay-color":"","overlay-opacity":"","overlay-gradient":""},"mobile":{"background-color":"var(--ast-global-color-5)","background-image":"","background-repeat":"repeat","background-position":"center center","background-size":"auto","background-attachment":"scroll","background-type":"","background-media":"","overlay-type":"","overlay-color":"","overlay-opacity":"","overlay-gradient":""}},"footnotes":""},"categories":[116],"tags":[],"class_list":["post-18620","post","type-post","status-publish","format-standard","has-post-thumbnail","hentry","category-our-partners-sv"],"acf":[],"yoast_head":"<!-- This site is optimized with the Yoast SEO plugin v27.4 - https:\/\/yoast.com\/product\/yoast-seo-wordpress\/ -->\n<title>Los Naranjos Ryder Cup 2016 inviger den nya s\u00e4songen av evenemang p\u00e5 Los Naranjos GC - Los Naranjos Golf<\/title>\n<meta name=\"robots\" content=\"index, follow, max-snippet:-1, max-image-preview:large, max-video-preview:-1\" \/>\n<link rel=\"canonical\" href=\"https:\/\/losnaranjos.com\/los-naranjos-ryder-cup-2016-inaugurates-the-new-season-of-events-at-los-naranjos-gc\/\" \/>\n<meta property=\"og:locale\" content=\"sv_SE\" \/>\n<meta property=\"og:type\" content=\"article\" \/>\n<meta property=\"og:title\" content=\"Los Naranjos Ryder Cup 2016 inviger den nya s\u00e4songen av evenemang p\u00e5 Los Naranjos GC - Los Naranjos Golf\" \/>\n<meta property=\"og:description\" content=\"F\u00f6r ett par helger sedan, med invigning av oktober m\u00e5nad, \u00e4gde en av de f\u00f6rsta viktiga m\u00f6tena rum i Los Naranjos GC: Los Naranjos Ryder Cup 2016. En helg d\u00e4r det har varit mycket golf, t\u00e4vling, v\u00e4nskap, vissa f\u00f6rh\u00e5llanden avundsv\u00e4rda prognoser och naturligtvis en turnering som lever upp till de utsikter som golfbanan alltid bjuder [&hellip;]\" \/>\n<meta property=\"og:url\" content=\"https:\/\/losnaranjos.com\/los-naranjos-ryder-cup-2016-inaugurates-the-new-season-of-events-at-los-naranjos-gc\/\" \/>\n<meta property=\"og:site_name\" content=\"Los Naranjos Golf\" \/>\n<meta property=\"article:publisher\" content=\"https:\/\/www.facebook.com\/losnaranjosgc\/\" \/>\n<meta property=\"article:published_time\" content=\"2017-02-16T13:20:00+00:00\" \/>\n<meta property=\"article:modified_time\" content=\"2022-01-13T13:26:31+00:00\" \/>\n<meta property=\"og:image\" content=\"https:\/\/losnaranjos.com\/wp-content\/uploads\/2022\/01\/rydercup2016-1024x576-1.jpg\" \/>\n\t<meta property=\"og:image:width\" content=\"1024\" \/>\n\t<meta property=\"og:image:height\" content=\"576\" \/>\n\t<meta property=\"og:image:type\" content=\"image\/jpeg\" \/>\n<meta name=\"author\" content=\"fatima\" \/>\n<meta name=\"twitter:card\" content=\"summary_large_image\" \/>\n<meta name=\"twitter:creator\" content=\"@LosNaranjosGC\" \/>\n<meta name=\"twitter:site\" content=\"@LosNaranjosGC\" \/>\n<meta name=\"twitter:label1\" content=\"Skriven av\" \/>\n\t<meta name=\"twitter:data1\" content=\"fatima\" \/>\n\t<meta name=\"twitter:label2\" content=\"Ber\u00e4knad l\u00e4stid\" \/>\n\t<meta name=\"twitter:data2\" content=\"2 minuter\" \/>\n<script type=\"application\/ld+json\" class=\"yoast-schema-graph\">{\"@context\":\"https:\\\/\\\/schema.org\",\"@graph\":[{\"@type\":\"Article\",\"@id\":\"https:\\\/\\\/losnaranjos.com\\\/los-naranjos-ryder-cup-2016-inaugurates-the-new-season-of-events-at-los-naranjos-gc\\\/#article\",\"isPartOf\":{\"@id\":\"https:\\\/\\\/losnaranjos.com\\\/los-naranjos-ryder-cup-2016-inaugurates-the-new-season-of-events-at-los-naranjos-gc\\\/\"},\"author\":{\"name\":\"fatima\",\"@id\":\"https:\\\/\\\/losnaranjos.com\\\/sv\\\/#\\\/schema\\\/person\\\/f94c8bc63ef4685b79f99a7f92759c44\"},\"headline\":\"Los Naranjos Ryder Cup 2016 inviger den nya s\u00e4songen av evenemang p\u00e5 Los Naranjos GC\",\"datePublished\":\"2017-02-16T13:20:00+00:00\",\"dateModified\":\"2022-01-13T13:26:31+00:00\",\"mainEntityOfPage\":{\"@id\":\"https:\\\/\\\/losnaranjos.com\\\/los-naranjos-ryder-cup-2016-inaugurates-the-new-season-of-events-at-los-naranjos-gc\\\/\"},\"wordCount\":359,\"commentCount\":0,\"publisher\":{\"@id\":\"https:\\\/\\\/losnaranjos.com\\\/sv\\\/#organization\"},\"image\":{\"@id\":\"https:\\\/\\\/losnaranjos.com\\\/los-naranjos-ryder-cup-2016-inaugurates-the-new-season-of-events-at-los-naranjos-gc\\\/#primaryimage\"},\"thumbnailUrl\":\"https:\\\/\\\/losnaranjos.com\\\/wp-content\\\/uploads\\\/2022\\\/01\\\/rydercup2016-1024x576-1.jpg\",\"articleSection\":[\"Our partners\"],\"inLanguage\":\"sv-SE\",\"potentialAction\":[{\"@type\":\"CommentAction\",\"name\":\"Comment\",\"target\":[\"https:\\\/\\\/losnaranjos.com\\\/los-naranjos-ryder-cup-2016-inaugurates-the-new-season-of-events-at-los-naranjos-gc\\\/#respond\"]}]},{\"@type\":\"WebPage\",\"@id\":\"https:\\\/\\\/losnaranjos.com\\\/los-naranjos-ryder-cup-2016-inaugurates-the-new-season-of-events-at-los-naranjos-gc\\\/\",\"url\":\"https:\\\/\\\/losnaranjos.com\\\/los-naranjos-ryder-cup-2016-inaugurates-the-new-season-of-events-at-los-naranjos-gc\\\/\",\"name\":\"Los Naranjos Ryder Cup 2016 inviger den nya s\u00e4songen av evenemang p\u00e5 Los Naranjos GC - Los Naranjos Golf\",\"isPartOf\":{\"@id\":\"https:\\\/\\\/losnaranjos.com\\\/sv\\\/#website\"},\"primaryImageOfPage\":{\"@id\":\"https:\\\/\\\/losnaranjos.com\\\/los-naranjos-ryder-cup-2016-inaugurates-the-new-season-of-events-at-los-naranjos-gc\\\/#primaryimage\"},\"image\":{\"@id\":\"https:\\\/\\\/losnaranjos.com\\\/los-naranjos-ryder-cup-2016-inaugurates-the-new-season-of-events-at-los-naranjos-gc\\\/#primaryimage\"},\"thumbnailUrl\":\"https:\\\/\\\/losnaranjos.com\\\/wp-content\\\/uploads\\\/2022\\\/01\\\/rydercup2016-1024x576-1.jpg\",\"datePublished\":\"2017-02-16T13:20:00+00:00\",\"dateModified\":\"2022-01-13T13:26:31+00:00\",\"breadcrumb\":{\"@id\":\"https:\\\/\\\/losnaranjos.com\\\/los-naranjos-ryder-cup-2016-inaugurates-the-new-season-of-events-at-los-naranjos-gc\\\/#breadcrumb\"},\"inLanguage\":\"sv-SE\",\"potentialAction\":[{\"@type\":\"ReadAction\",\"target\":[\"https:\\\/\\\/losnaranjos.com\\\/los-naranjos-ryder-cup-2016-inaugurates-the-new-season-of-events-at-los-naranjos-gc\\\/\"]}]},{\"@type\":\"ImageObject\",\"inLanguage\":\"sv-SE\",\"@id\":\"https:\\\/\\\/losnaranjos.com\\\/los-naranjos-ryder-cup-2016-inaugurates-the-new-season-of-events-at-los-naranjos-gc\\\/#primaryimage\",\"url\":\"https:\\\/\\\/losnaranjos.com\\\/wp-content\\\/uploads\\\/2022\\\/01\\\/rydercup2016-1024x576-1.jpg\",\"contentUrl\":\"https:\\\/\\\/losnaranjos.com\\\/wp-content\\\/uploads\\\/2022\\\/01\\\/rydercup2016-1024x576-1.jpg\",\"width\":1024,\"height\":576},{\"@type\":\"BreadcrumbList\",\"@id\":\"https:\\\/\\\/losnaranjos.com\\\/los-naranjos-ryder-cup-2016-inaugurates-the-new-season-of-events-at-los-naranjos-gc\\\/#breadcrumb\",\"itemListElement\":[{\"@type\":\"ListItem\",\"position\":1,\"name\":\"Home\",\"item\":\"https:\\\/\\\/losnaranjos.com\\\/\"},{\"@type\":\"ListItem\",\"position\":2,\"name\":\"Los Naranjos Ryder Cup 2016 inviger den nya s\u00e4songen av evenemang p\u00e5 Los Naranjos GC\"}]},{\"@type\":\"WebSite\",\"@id\":\"https:\\\/\\\/losnaranjos.com\\\/sv\\\/#website\",\"url\":\"https:\\\/\\\/losnaranjos.com\\\/sv\\\/\",\"name\":\"Los Naranjos Golf Club\",\"description\":\"Marbella - Costa del Sol - Golf\",\"publisher\":{\"@id\":\"https:\\\/\\\/losnaranjos.com\\\/sv\\\/#organization\"},\"potentialAction\":[{\"@type\":\"SearchAction\",\"target\":{\"@type\":\"EntryPoint\",\"urlTemplate\":\"https:\\\/\\\/losnaranjos.com\\\/sv\\\/?s={search_term_string}\"},\"query-input\":{\"@type\":\"PropertyValueSpecification\",\"valueRequired\":true,\"valueName\":\"search_term_string\"}}],\"inLanguage\":\"sv-SE\"},{\"@type\":\"Organization\",\"@id\":\"https:\\\/\\\/losnaranjos.com\\\/sv\\\/#organization\",\"name\":\"Los Naranjos Golf Club\",\"url\":\"https:\\\/\\\/losnaranjos.com\\\/sv\\\/\",\"logo\":{\"@type\":\"ImageObject\",\"inLanguage\":\"sv-SE\",\"@id\":\"https:\\\/\\\/losnaranjos.com\\\/sv\\\/#\\\/schema\\\/logo\\\/image\\\/\",\"url\":\"https:\\\/\\\/losnaranjos.com\\\/wp-content\\\/uploads\\\/2021\\\/12\\\/logo-svgd.png\",\"contentUrl\":\"https:\\\/\\\/losnaranjos.com\\\/wp-content\\\/uploads\\\/2021\\\/12\\\/logo-svgd.png\",\"width\":191,\"height\":50,\"caption\":\"Los Naranjos Golf Club\"},\"image\":{\"@id\":\"https:\\\/\\\/losnaranjos.com\\\/sv\\\/#\\\/schema\\\/logo\\\/image\\\/\"},\"sameAs\":[\"https:\\\/\\\/www.facebook.com\\\/losnaranjosgc\\\/\",\"https:\\\/\\\/x.com\\\/LosNaranjosGC\",\"https:\\\/\\\/instagram.com\\\/losnaranjosgc\\\/\",\"https:\\\/\\\/es.linkedin.com\\\/company\\\/losnaranjosgc\"]},{\"@type\":\"Person\",\"@id\":\"https:\\\/\\\/losnaranjos.com\\\/sv\\\/#\\\/schema\\\/person\\\/f94c8bc63ef4685b79f99a7f92759c44\",\"name\":\"fatima\",\"image\":{\"@type\":\"ImageObject\",\"inLanguage\":\"sv-SE\",\"@id\":\"https:\\\/\\\/secure.gravatar.com\\\/avatar\\\/c41196ebe5a4220125e7ef621edb893fcb9b2d7d2feb6343b9f1440a2f3c1253?s=96&d=mm&r=g\",\"url\":\"https:\\\/\\\/secure.gravatar.com\\\/avatar\\\/c41196ebe5a4220125e7ef621edb893fcb9b2d7d2feb6343b9f1440a2f3c1253?s=96&d=mm&r=g\",\"contentUrl\":\"https:\\\/\\\/secure.gravatar.com\\\/avatar\\\/c41196ebe5a4220125e7ef621edb893fcb9b2d7d2feb6343b9f1440a2f3c1253?s=96&d=mm&r=g\",\"caption\":\"fatima\"}}]}<\/script>\n<!-- \/ Yoast SEO plugin. -->","yoast_head_json":{"title":"Los Naranjos Ryder Cup 2016 inviger den nya s\u00e4songen av evenemang p\u00e5 Los Naranjos GC - Los Naranjos Golf","robots":{"index":"index","follow":"follow","max-snippet":"max-snippet:-1","max-image-preview":"max-image-preview:large","max-video-preview":"max-video-preview:-1"},"canonical":"https:\/\/losnaranjos.com\/los-naranjos-ryder-cup-2016-inaugurates-the-new-season-of-events-at-los-naranjos-gc\/","og_locale":"sv_SE","og_type":"article","og_title":"Los Naranjos Ryder Cup 2016 inviger den nya s\u00e4songen av evenemang p\u00e5 Los Naranjos GC - Los Naranjos Golf","og_description":"F\u00f6r ett par helger sedan, med invigning av oktober m\u00e5nad, \u00e4gde en av de f\u00f6rsta viktiga m\u00f6tena rum i Los Naranjos GC: Los Naranjos Ryder Cup 2016. En helg d\u00e4r det har varit mycket golf, t\u00e4vling, v\u00e4nskap, vissa f\u00f6rh\u00e5llanden avundsv\u00e4rda prognoser och naturligtvis en turnering som lever upp till de utsikter som golfbanan alltid bjuder [&hellip;]","og_url":"https:\/\/losnaranjos.com\/los-naranjos-ryder-cup-2016-inaugurates-the-new-season-of-events-at-los-naranjos-gc\/","og_site_name":"Los Naranjos Golf","article_publisher":"https:\/\/www.facebook.com\/losnaranjosgc\/","article_published_time":"2017-02-16T13:20:00+00:00","article_modified_time":"2022-01-13T13:26:31+00:00","og_image":[{"width":1024,"height":576,"url":"https:\/\/losnaranjos.com\/wp-content\/uploads\/2022\/01\/rydercup2016-1024x576-1.jpg","type":"image\/jpeg"}],"author":"fatima","twitter_card":"summary_large_image","twitter_creator":"@LosNaranjosGC","twitter_site":"@LosNaranjosGC","twitter_misc":{"Skriven av":"fatima","Ber\u00e4knad l\u00e4stid":"2 minuter"},"schema":{"@context":"https:\/\/schema.org","@graph":[{"@type":"Article","@id":"https:\/\/losnaranjos.com\/los-naranjos-ryder-cup-2016-inaugurates-the-new-season-of-events-at-los-naranjos-gc\/#article","isPartOf":{"@id":"https:\/\/losnaranjos.com\/los-naranjos-ryder-cup-2016-inaugurates-the-new-season-of-events-at-los-naranjos-gc\/"},"author":{"name":"fatima","@id":"https:\/\/losnaranjos.com\/sv\/#\/schema\/person\/f94c8bc63ef4685b79f99a7f92759c44"},"headline":"Los Naranjos Ryder Cup 2016 inviger den nya s\u00e4songen av evenemang p\u00e5 Los Naranjos GC","datePublished":"2017-02-16T13:20:00+00:00","dateModified":"2022-01-13T13:26:31+00:00","mainEntityOfPage":{"@id":"https:\/\/losnaranjos.com\/los-naranjos-ryder-cup-2016-inaugurates-the-new-season-of-events-at-los-naranjos-gc\/"},"wordCount":359,"commentCount":0,"publisher":{"@id":"https:\/\/losnaranjos.com\/sv\/#organization"},"image":{"@id":"https:\/\/losnaranjos.com\/los-naranjos-ryder-cup-2016-inaugurates-the-new-season-of-events-at-los-naranjos-gc\/#primaryimage"},"thumbnailUrl":"https:\/\/losnaranjos.com\/wp-content\/uploads\/2022\/01\/rydercup2016-1024x576-1.jpg","articleSection":["Our partners"],"inLanguage":"sv-SE","potentialAction":[{"@type":"CommentAction","name":"Comment","target":["https:\/\/losnaranjos.com\/los-naranjos-ryder-cup-2016-inaugurates-the-new-season-of-events-at-los-naranjos-gc\/#respond"]}]},{"@type":"WebPage","@id":"https:\/\/losnaranjos.com\/los-naranjos-ryder-cup-2016-inaugurates-the-new-season-of-events-at-los-naranjos-gc\/","url":"https:\/\/losnaranjos.com\/los-naranjos-ryder-cup-2016-inaugurates-the-new-season-of-events-at-los-naranjos-gc\/","name":"Los Naranjos Ryder Cup 2016 inviger den nya s\u00e4songen av evenemang p\u00e5 Los Naranjos GC - Los Naranjos Golf","isPartOf":{"@id":"https:\/\/losnaranjos.com\/sv\/#website"},"primaryImageOfPage":{"@id":"https:\/\/losnaranjos.com\/los-naranjos-ryder-cup-2016-inaugurates-the-new-season-of-events-at-los-naranjos-gc\/#primaryimage"},"image":{"@id":"https:\/\/losnaranjos.com\/los-naranjos-ryder-cup-2016-inaugurates-the-new-season-of-events-at-los-naranjos-gc\/#primaryimage"},"thumbnailUrl":"https:\/\/losnaranjos.com\/wp-content\/uploads\/2022\/01\/rydercup2016-1024x576-1.jpg","datePublished":"2017-02-16T13:20:00+00:00","dateModified":"2022-01-13T13:26:31+00:00","breadcrumb":{"@id":"https:\/\/losnaranjos.com\/los-naranjos-ryder-cup-2016-inaugurates-the-new-season-of-events-at-los-naranjos-gc\/#breadcrumb"},"inLanguage":"sv-SE","potentialAction":[{"@type":"ReadAction","target":["https:\/\/losnaranjos.com\/los-naranjos-ryder-cup-2016-inaugurates-the-new-season-of-events-at-los-naranjos-gc\/"]}]},{"@type":"ImageObject","inLanguage":"sv-SE","@id":"https:\/\/losnaranjos.com\/los-naranjos-ryder-cup-2016-inaugurates-the-new-season-of-events-at-los-naranjos-gc\/#primaryimage","url":"https:\/\/losnaranjos.com\/wp-content\/uploads\/2022\/01\/rydercup2016-1024x576-1.jpg","contentUrl":"https:\/\/losnaranjos.com\/wp-content\/uploads\/2022\/01\/rydercup2016-1024x576-1.jpg","width":1024,"height":576},{"@type":"BreadcrumbList","@id":"https:\/\/losnaranjos.com\/los-naranjos-ryder-cup-2016-inaugurates-the-new-season-of-events-at-los-naranjos-gc\/#breadcrumb","itemListElement":[{"@type":"ListItem","position":1,"name":"Home","item":"https:\/\/losnaranjos.com\/"},{"@type":"ListItem","position":2,"name":"Los Naranjos Ryder Cup 2016 inviger den nya s\u00e4songen av evenemang p\u00e5 Los Naranjos GC"}]},{"@type":"WebSite","@id":"https:\/\/losnaranjos.com\/sv\/#website","url":"https:\/\/losnaranjos.com\/sv\/","name":"Los Naranjos Golf Club","description":"Marbella - Costa del Sol - Golf","publisher":{"@id":"https:\/\/losnaranjos.com\/sv\/#organization"},"potentialAction":[{"@type":"SearchAction","target":{"@type":"EntryPoint","urlTemplate":"https:\/\/losnaranjos.com\/sv\/?s={search_term_string}"},"query-input":{"@type":"PropertyValueSpecification","valueRequired":true,"valueName":"search_term_string"}}],"inLanguage":"sv-SE"},{"@type":"Organization","@id":"https:\/\/losnaranjos.com\/sv\/#organization","name":"Los Naranjos Golf Club","url":"https:\/\/losnaranjos.com\/sv\/","logo":{"@type":"ImageObject","inLanguage":"sv-SE","@id":"https:\/\/losnaranjos.com\/sv\/#\/schema\/logo\/image\/","url":"https:\/\/losnaranjos.com\/wp-content\/uploads\/2021\/12\/logo-svgd.png","contentUrl":"https:\/\/losnaranjos.com\/wp-content\/uploads\/2021\/12\/logo-svgd.png","width":191,"height":50,"caption":"Los Naranjos Golf Club"},"image":{"@id":"https:\/\/losnaranjos.com\/sv\/#\/schema\/logo\/image\/"},"sameAs":["https:\/\/www.facebook.com\/losnaranjosgc\/","https:\/\/x.com\/LosNaranjosGC","https:\/\/instagram.com\/losnaranjosgc\/","https:\/\/es.linkedin.com\/company\/losnaranjosgc"]},{"@type":"Person","@id":"https:\/\/losnaranjos.com\/sv\/#\/schema\/person\/f94c8bc63ef4685b79f99a7f92759c44","name":"fatima","image":{"@type":"ImageObject","inLanguage":"sv-SE","@id":"https:\/\/secure.gravatar.com\/avatar\/c41196ebe5a4220125e7ef621edb893fcb9b2d7d2feb6343b9f1440a2f3c1253?s=96&d=mm&r=g","url":"https:\/\/secure.gravatar.com\/avatar\/c41196ebe5a4220125e7ef621edb893fcb9b2d7d2feb6343b9f1440a2f3c1253?s=96&d=mm&r=g","contentUrl":"https:\/\/secure.gravatar.com\/avatar\/c41196ebe5a4220125e7ef621edb893fcb9b2d7d2feb6343b9f1440a2f3c1253?s=96&d=mm&r=g","caption":"fatima"}}]}},"_links":{"self":[{"href":"https:\/\/losnaranjos.com\/sv\/wp-json\/wp\/v2\/posts\/18620","targetHints":{"allow":["GET"]}}],"collection":[{"href":"https:\/\/losnaranjos.com\/sv\/wp-json\/wp\/v2\/posts"}],"about":[{"href":"https:\/\/losnaranjos.com\/sv\/wp-json\/wp\/v2\/types\/post"}],"author":[{"embeddable":true,"href":"https:\/\/losnaranjos.com\/sv\/wp-json\/wp\/v2\/users\/2"}],"replies":[{"embeddable":true,"href":"https:\/\/losnaranjos.com\/sv\/wp-json\/wp\/v2\/comments?post=18620"}],"version-history":[{"count":0,"href":"https:\/\/losnaranjos.com\/sv\/wp-json\/wp\/v2\/posts\/18620\/revisions"}],"wp:featuredmedia":[{"embeddable":true,"href":"https:\/\/losnaranjos.com\/sv\/wp-json\/wp\/v2\/media\/18605"}],"wp:attachment":[{"href":"https:\/\/losnaranjos.com\/sv\/wp-json\/wp\/v2\/media?parent=18620"}],"wp:term":[{"taxonomy":"category","embeddable":true,"href":"https:\/\/losnaranjos.com\/sv\/wp-json\/wp\/v2\/categories?post=18620"},{"taxonomy":"post_tag","embeddable":true,"href":"https:\/\/losnaranjos.com\/sv\/wp-json\/wp\/v2\/tags?post=18620"}],"curies":[{"name":"wp","href":"https:\/\/api.w.org\/{rel}","templated":true}]}}