{"id":18366,"date":"2020-07-31T09:25:00","date_gmt":"2020-07-31T09:25:00","guid":{"rendered":"https:\/\/losnaranjos.com\/if-you-are-in-marbella-this-summer-plan-a-day-trip-to-tarifa\/"},"modified":"2022-01-13T11:37:26","modified_gmt":"2022-01-13T11:37:26","slug":"if-you-are-in-marbella-this-summer-plan-a-day-trip-to-tarifa","status":"publish","type":"post","link":"https:\/\/losnaranjos.com\/sv\/if-you-are-in-marbella-this-summer-plan-a-day-trip-to-tarifa\/","title":{"rendered":"Om du \u00e4r i Marbella i sommar, planera en dagsutflykt till Tarifa"},"content":{"rendered":"<p>Vad ska du g\u00f6ra mellan dina golfmatcher p\u00e5 Los Naranjos GC under ditt sommarlov?<\/p>\n<p>Till att b\u00f6rja med har Marbella alla ingredienser f\u00f6r att njuta av din semester utan att l\u00e4mna staden. Men varf\u00f6r inte komplettera det med en dag i Tarifa?<\/p>\n<p>Som tur \u00e4r ligger Tarifa bara cirka 100 kilometer fr\u00e5n Marbella. Faktum \u00e4r att det \u00e4r den perfekta tillflyktsorten eftersom du p\u00e5 en och en halv timme kommer att njuta av en underbar stadskontrast.<\/p>\n<h4>Under f\u00f6rmiddagen.<\/h4>\n<p>Till exempel, om du g\u00e5r upp tidigt och g\u00e5r klockan 8:30, runt 10:00 kommer du fram till Tarifa.<\/p>\n<p>Det \u00e4r faktiskt den perfekta tiden att undvika trafikstockningar och njuta av en god frukost full av n\u00e4rings\u00e4mnen. Nuf\u00f6rtiden, i Tarifa, finns det hundratals st\u00e4llen att g\u00e5 till f\u00f6r frukost.<\/p>\n<p>Vi kommer att rekommendera dig 3 av dem:<\/p>\n<p>\u2022 Caf\u00e9 Azul, en klassiker i Tarifa, \u00e4r en av de \u00e4ldsta i staden bredvid Puerta de Jerez.<br \/>\u2022 Surla, med l\u00e4ckra och innovativa frukostar, \u00e4r en av favoritplatserna bland turister som bes\u00f6ker staden.<br \/>\u2022 Power House Caf\u00e9, har en spektakul\u00e4r tr\u00e4dg\u00e5rd och precis vid v\u00e4gen till de b\u00e4sta str\u00e4nderna utan att beh\u00f6va g\u00e5 in i stadens centrum.<\/p>\n<h4>Vid middagstid&#8230; str\u00e4nder, strandbarer och strandklubbar.<\/h4>\n<p>Utan tvekan \u00e4r den st\u00f6rsta attraktionen i Tarifa dess str\u00e4nder. N\u00e4r du har laddat batterierna med en god frukost \u00e4r det d\u00e4rf\u00f6r dags att njuta av den atlantiska brisen.<\/p>\n<p>\u00c5terigen kommer vi att n\u00e4mna 3 av v\u00e5ra favoritstrandklubbar; Arte Vida, Tumbao och Bibo Beach House. Faktum \u00e4r att de \u00e4r de perfekta st\u00e4llena f\u00f6r att ha kul p\u00e5 stranden, dricka n\u00e5gra \u00f6l och till och med \u00e4ta lunch till musikens rytm.<\/p>\n<p>Str\u00e4nderna i Los Lances, Valdevaqueros, Punta Paloma och Bolonia \u00e4r bland de mest bes\u00f6kta. Faktum \u00e4r att Bolonia ocks\u00e5 har ett landskap av otrolig sk\u00f6nhet bildat av gyllene sanddyner.<\/p>\n<h4>P\u00e5 eftermiddagen\/kv\u00e4llen.<\/h4>\n<p>Du kan inte l\u00e4mna Tarifa utan att k\u00e4nna till gamla stan. Ta en promenad genom dess smala gator, svalka dig med en l\u00e4cker glass och se dess charmiga butiker.<\/p>\n<p>Dessutom kan du bes\u00f6ka dess historiska monument som f\u00e4stningen Guzm\u00e1n el Bueno, slottet Santa Catalina eller Puerta de Jerez.<\/p>\n<p>\u00c5 andra sidan, om du vill f\u00f6rl\u00e4nga dagen och stanna p\u00e5 middag har Tarifa ocks\u00e5 hundratals restauranger. Bland de mest popul\u00e4ra; Bar el Franc\u00e9s, La Favela, El Picoteo, La Casona och m\u00e5nga fler att v\u00e4lja mellan.<\/p>\n<h4>Slutligen, om du vill f\u00f6rl\u00e4nga din resa och \u00f6vernatta.<\/h4>\n<p>Tarifa har hotell, vandrarhem, pensionat, turistl\u00e4genheter, lanthus eller campingplatser. P\u00e5 s\u00e5 s\u00e4tt erbjuder den dig ett brett utbud av boendem\u00f6jligheter beroende p\u00e5 din livsstil.<\/p>\n<p>Av den anledningen, om du v\u00e4ljer att \u00e4ta middag i Tarifa och njuta av natten, kanske stanna \u00f6ver och \u00e5terv\u00e4nda till Marbella n\u00e4sta dag rekommenderas. Faktum \u00e4r att nattst\u00e4mningen i Tarifa \u00e4r spektakul\u00e4r, \u00e4ven nu mitt under Covid19.<\/p>\n","protected":false},"excerpt":{"rendered":"<p>Vad ska du g\u00f6ra mellan dina golfmatcher p\u00e5 Los Naranjos GC under ditt sommarlov? Till att b\u00f6rja med har Marbella alla ingredienser f\u00f6r att njuta av din semester utan att l\u00e4mna staden. Men varf\u00f6r inte komplettera det med en dag i Tarifa? Som tur \u00e4r ligger Tarifa bara cirka 100 kilometer fr\u00e5n Marbella. Faktum \u00e4r [&hellip;]<\/p>\n","protected":false},"author":2,"featured_media":18367,"comment_status":"open","ping_status":"open","sticky":false,"template":"","format":"standard","meta":{"_acf_changed":false,"site-sidebar-layout":"default","site-content-layout":"plain-container","ast-site-content-layout":"default","site-content-style":"default","site-sidebar-style":"default","ast-global-header-display":"","ast-banner-title-visibility":"","ast-main-header-display":"","ast-hfb-above-header-display":"","ast-hfb-below-header-display":"","ast-hfb-mobile-header-display":"","site-post-title":"","ast-breadcrumbs-content":"","ast-featured-img":"","footer-sml-layout":"","ast-disable-related-posts":"","theme-transparent-header-meta":"default","adv-header-id-meta":"","stick-header-meta":"","header-above-stick-meta":"","header-main-stick-meta":"","header-below-stick-meta":"","astra-migrate-meta-layouts":"default","ast-page-background-enabled":"default","ast-page-background-meta":{"desktop":{"background-color":"","background-image":"","background-repeat":"repeat","background-position":"center center","background-size":"auto","background-attachment":"scroll","background-type":"","background-media":"","overlay-type":"","overlay-color":"","overlay-opacity":"","overlay-gradient":""},"tablet":{"background-color":"","background-image":"","background-repeat":"repeat","background-position":"center center","background-size":"auto","background-attachment":"scroll","background-type":"","background-media":"","overlay-type":"","overlay-color":"","overlay-opacity":"","overlay-gradient":""},"mobile":{"background-color":"","background-image":"","background-repeat":"repeat","background-position":"center center","background-size":"auto","background-attachment":"scroll","background-type":"","background-media":"","overlay-type":"","overlay-color":"","overlay-opacity":"","overlay-gradient":""}},"ast-content-background-meta":{"desktop":{"background-color":"var(--ast-global-color-5)","background-image":"","background-repeat":"repeat","background-position":"center center","background-size":"auto","background-attachment":"scroll","background-type":"","background-media":"","overlay-type":"","overlay-color":"","overlay-opacity":"","overlay-gradient":""},"tablet":{"background-color":"var(--ast-global-color-5)","background-image":"","background-repeat":"repeat","background-position":"center center","background-size":"auto","background-attachment":"scroll","background-type":"","background-media":"","overlay-type":"","overlay-color":"","overlay-opacity":"","overlay-gradient":""},"mobile":{"background-color":"var(--ast-global-color-5)","background-image":"","background-repeat":"repeat","background-position":"center center","background-size":"auto","background-attachment":"scroll","background-type":"","background-media":"","overlay-type":"","overlay-color":"","overlay-opacity":"","overlay-gradient":""}},"footnotes":""},"categories":[103],"tags":[],"class_list":["post-18366","post","type-post","status-publish","format-standard","has-post-thumbnail","hentry","category-okategoriserad"],"acf":[],"yoast_head":"<!-- This site is optimized with the Yoast SEO plugin v27.4 - https:\/\/yoast.com\/product\/yoast-seo-wordpress\/ -->\n<title>Om du \u00e4r i Marbella i sommar, planera en dagsutflykt till Tarifa - Los Naranjos Golf<\/title>\n<meta name=\"robots\" content=\"index, follow, max-snippet:-1, max-image-preview:large, max-video-preview:-1\" \/>\n<link rel=\"canonical\" href=\"https:\/\/losnaranjos.com\/tarifa\/\" \/>\n<meta property=\"og:locale\" content=\"sv_SE\" \/>\n<meta property=\"og:type\" content=\"article\" \/>\n<meta property=\"og:title\" content=\"Om du \u00e4r i Marbella i sommar, planera en dagsutflykt till Tarifa - Los Naranjos Golf\" \/>\n<meta property=\"og:description\" content=\"Vad ska du g\u00f6ra mellan dina golfmatcher p\u00e5 Los Naranjos GC under ditt sommarlov? Till att b\u00f6rja med har Marbella alla ingredienser f\u00f6r att njuta av din semester utan att l\u00e4mna staden. Men varf\u00f6r inte komplettera det med en dag i Tarifa? Som tur \u00e4r ligger Tarifa bara cirka 100 kilometer fr\u00e5n Marbella. Faktum \u00e4r [&hellip;]\" \/>\n<meta property=\"og:url\" content=\"https:\/\/losnaranjos.com\/tarifa\/\" \/>\n<meta property=\"og:site_name\" content=\"Los Naranjos Golf\" \/>\n<meta property=\"article:publisher\" content=\"https:\/\/www.facebook.com\/losnaranjosgc\/\" \/>\n<meta property=\"article:published_time\" content=\"2020-07-31T09:25:00+00:00\" \/>\n<meta property=\"article:modified_time\" content=\"2022-01-13T11:37:26+00:00\" \/>\n<meta property=\"og:image\" content=\"https:\/\/losnaranjos.com\/wp-content\/uploads\/2021\/11\/spain-5335905_1920-1024x683-1.jpg\" \/>\n\t<meta property=\"og:image:width\" content=\"1024\" \/>\n\t<meta property=\"og:image:height\" content=\"683\" \/>\n\t<meta property=\"og:image:type\" content=\"image\/jpeg\" \/>\n<meta name=\"author\" content=\"fatima\" \/>\n<meta name=\"twitter:card\" content=\"summary_large_image\" \/>\n<meta name=\"twitter:creator\" content=\"@LosNaranjosGC\" \/>\n<meta name=\"twitter:site\" content=\"@LosNaranjosGC\" \/>\n<meta name=\"twitter:label1\" content=\"Skriven av\" \/>\n\t<meta name=\"twitter:data1\" content=\"fatima\" \/>\n\t<meta name=\"twitter:label2\" content=\"Ber\u00e4knad l\u00e4stid\" \/>\n\t<meta name=\"twitter:data2\" content=\"3 minuter\" \/>\n<script type=\"application\/ld+json\" class=\"yoast-schema-graph\">{\"@context\":\"https:\\\/\\\/schema.org\",\"@graph\":[{\"@type\":\"Article\",\"@id\":\"https:\\\/\\\/losnaranjos.com\\\/tarifa\\\/#article\",\"isPartOf\":{\"@id\":\"https:\\\/\\\/losnaranjos.com\\\/tarifa\\\/\"},\"author\":{\"name\":\"fatima\",\"@id\":\"https:\\\/\\\/losnaranjos.com\\\/sv\\\/#\\\/schema\\\/person\\\/f94c8bc63ef4685b79f99a7f92759c44\"},\"headline\":\"Om du \u00e4r i Marbella i sommar, planera en dagsutflykt till Tarifa\",\"datePublished\":\"2020-07-31T09:25:00+00:00\",\"dateModified\":\"2022-01-13T11:37:26+00:00\",\"mainEntityOfPage\":{\"@id\":\"https:\\\/\\\/losnaranjos.com\\\/tarifa\\\/\"},\"wordCount\":519,\"commentCount\":0,\"publisher\":{\"@id\":\"https:\\\/\\\/losnaranjos.com\\\/sv\\\/#organization\"},\"image\":{\"@id\":\"https:\\\/\\\/losnaranjos.com\\\/tarifa\\\/#primaryimage\"},\"thumbnailUrl\":\"https:\\\/\\\/losnaranjos.com\\\/wp-content\\\/uploads\\\/2021\\\/11\\\/spain-5335905_1920-1024x683-1.jpg\",\"articleSection\":[\"Okategoriserad\"],\"inLanguage\":\"sv-SE\",\"potentialAction\":[{\"@type\":\"CommentAction\",\"name\":\"Comment\",\"target\":[\"https:\\\/\\\/losnaranjos.com\\\/tarifa\\\/#respond\"]}]},{\"@type\":\"WebPage\",\"@id\":\"https:\\\/\\\/losnaranjos.com\\\/tarifa\\\/\",\"url\":\"https:\\\/\\\/losnaranjos.com\\\/tarifa\\\/\",\"name\":\"Om du \u00e4r i Marbella i sommar, planera en dagsutflykt till Tarifa - Los Naranjos Golf\",\"isPartOf\":{\"@id\":\"https:\\\/\\\/losnaranjos.com\\\/sv\\\/#website\"},\"primaryImageOfPage\":{\"@id\":\"https:\\\/\\\/losnaranjos.com\\\/tarifa\\\/#primaryimage\"},\"image\":{\"@id\":\"https:\\\/\\\/losnaranjos.com\\\/tarifa\\\/#primaryimage\"},\"thumbnailUrl\":\"https:\\\/\\\/losnaranjos.com\\\/wp-content\\\/uploads\\\/2021\\\/11\\\/spain-5335905_1920-1024x683-1.jpg\",\"datePublished\":\"2020-07-31T09:25:00+00:00\",\"dateModified\":\"2022-01-13T11:37:26+00:00\",\"breadcrumb\":{\"@id\":\"https:\\\/\\\/losnaranjos.com\\\/tarifa\\\/#breadcrumb\"},\"inLanguage\":\"sv-SE\",\"potentialAction\":[{\"@type\":\"ReadAction\",\"target\":[\"https:\\\/\\\/losnaranjos.com\\\/tarifa\\\/\"]}]},{\"@type\":\"ImageObject\",\"inLanguage\":\"sv-SE\",\"@id\":\"https:\\\/\\\/losnaranjos.com\\\/tarifa\\\/#primaryimage\",\"url\":\"https:\\\/\\\/losnaranjos.com\\\/wp-content\\\/uploads\\\/2021\\\/11\\\/spain-5335905_1920-1024x683-1.jpg\",\"contentUrl\":\"https:\\\/\\\/losnaranjos.com\\\/wp-content\\\/uploads\\\/2021\\\/11\\\/spain-5335905_1920-1024x683-1.jpg\",\"width\":1024,\"height\":683},{\"@type\":\"BreadcrumbList\",\"@id\":\"https:\\\/\\\/losnaranjos.com\\\/tarifa\\\/#breadcrumb\",\"itemListElement\":[{\"@type\":\"ListItem\",\"position\":1,\"name\":\"Home\",\"item\":\"https:\\\/\\\/losnaranjos.com\\\/\"},{\"@type\":\"ListItem\",\"position\":2,\"name\":\"Om du \u00e4r i Marbella i sommar, planera en dagsutflykt till Tarifa\"}]},{\"@type\":\"WebSite\",\"@id\":\"https:\\\/\\\/losnaranjos.com\\\/sv\\\/#website\",\"url\":\"https:\\\/\\\/losnaranjos.com\\\/sv\\\/\",\"name\":\"Los Naranjos Golf Club\",\"description\":\"Marbella - Costa del Sol - Golf\",\"publisher\":{\"@id\":\"https:\\\/\\\/losnaranjos.com\\\/sv\\\/#organization\"},\"potentialAction\":[{\"@type\":\"SearchAction\",\"target\":{\"@type\":\"EntryPoint\",\"urlTemplate\":\"https:\\\/\\\/losnaranjos.com\\\/sv\\\/?s={search_term_string}\"},\"query-input\":{\"@type\":\"PropertyValueSpecification\",\"valueRequired\":true,\"valueName\":\"search_term_string\"}}],\"inLanguage\":\"sv-SE\"},{\"@type\":\"Organization\",\"@id\":\"https:\\\/\\\/losnaranjos.com\\\/sv\\\/#organization\",\"name\":\"Los Naranjos Golf Club\",\"url\":\"https:\\\/\\\/losnaranjos.com\\\/sv\\\/\",\"logo\":{\"@type\":\"ImageObject\",\"inLanguage\":\"sv-SE\",\"@id\":\"https:\\\/\\\/losnaranjos.com\\\/sv\\\/#\\\/schema\\\/logo\\\/image\\\/\",\"url\":\"https:\\\/\\\/losnaranjos.com\\\/wp-content\\\/uploads\\\/2021\\\/12\\\/logo-svgd.png\",\"contentUrl\":\"https:\\\/\\\/losnaranjos.com\\\/wp-content\\\/uploads\\\/2021\\\/12\\\/logo-svgd.png\",\"width\":191,\"height\":50,\"caption\":\"Los Naranjos Golf Club\"},\"image\":{\"@id\":\"https:\\\/\\\/losnaranjos.com\\\/sv\\\/#\\\/schema\\\/logo\\\/image\\\/\"},\"sameAs\":[\"https:\\\/\\\/www.facebook.com\\\/losnaranjosgc\\\/\",\"https:\\\/\\\/x.com\\\/LosNaranjosGC\",\"https:\\\/\\\/instagram.com\\\/losnaranjosgc\\\/\",\"https:\\\/\\\/es.linkedin.com\\\/company\\\/losnaranjosgc\"]},{\"@type\":\"Person\",\"@id\":\"https:\\\/\\\/losnaranjos.com\\\/sv\\\/#\\\/schema\\\/person\\\/f94c8bc63ef4685b79f99a7f92759c44\",\"name\":\"fatima\",\"image\":{\"@type\":\"ImageObject\",\"inLanguage\":\"sv-SE\",\"@id\":\"https:\\\/\\\/secure.gravatar.com\\\/avatar\\\/c41196ebe5a4220125e7ef621edb893fcb9b2d7d2feb6343b9f1440a2f3c1253?s=96&d=mm&r=g\",\"url\":\"https:\\\/\\\/secure.gravatar.com\\\/avatar\\\/c41196ebe5a4220125e7ef621edb893fcb9b2d7d2feb6343b9f1440a2f3c1253?s=96&d=mm&r=g\",\"contentUrl\":\"https:\\\/\\\/secure.gravatar.com\\\/avatar\\\/c41196ebe5a4220125e7ef621edb893fcb9b2d7d2feb6343b9f1440a2f3c1253?s=96&d=mm&r=g\",\"caption\":\"fatima\"}}]}<\/script>\n<!-- \/ Yoast SEO plugin. -->","yoast_head_json":{"title":"Om du \u00e4r i Marbella i sommar, planera en dagsutflykt till Tarifa - Los Naranjos Golf","robots":{"index":"index","follow":"follow","max-snippet":"max-snippet:-1","max-image-preview":"max-image-preview:large","max-video-preview":"max-video-preview:-1"},"canonical":"https:\/\/losnaranjos.com\/tarifa\/","og_locale":"sv_SE","og_type":"article","og_title":"Om du \u00e4r i Marbella i sommar, planera en dagsutflykt till Tarifa - Los Naranjos Golf","og_description":"Vad ska du g\u00f6ra mellan dina golfmatcher p\u00e5 Los Naranjos GC under ditt sommarlov? Till att b\u00f6rja med har Marbella alla ingredienser f\u00f6r att njuta av din semester utan att l\u00e4mna staden. Men varf\u00f6r inte komplettera det med en dag i Tarifa? Som tur \u00e4r ligger Tarifa bara cirka 100 kilometer fr\u00e5n Marbella. Faktum \u00e4r [&hellip;]","og_url":"https:\/\/losnaranjos.com\/tarifa\/","og_site_name":"Los Naranjos Golf","article_publisher":"https:\/\/www.facebook.com\/losnaranjosgc\/","article_published_time":"2020-07-31T09:25:00+00:00","article_modified_time":"2022-01-13T11:37:26+00:00","og_image":[{"width":1024,"height":683,"url":"https:\/\/losnaranjos.com\/wp-content\/uploads\/2021\/11\/spain-5335905_1920-1024x683-1.jpg","type":"image\/jpeg"}],"author":"fatima","twitter_card":"summary_large_image","twitter_creator":"@LosNaranjosGC","twitter_site":"@LosNaranjosGC","twitter_misc":{"Skriven av":"fatima","Ber\u00e4knad l\u00e4stid":"3 minuter"},"schema":{"@context":"https:\/\/schema.org","@graph":[{"@type":"Article","@id":"https:\/\/losnaranjos.com\/tarifa\/#article","isPartOf":{"@id":"https:\/\/losnaranjos.com\/tarifa\/"},"author":{"name":"fatima","@id":"https:\/\/losnaranjos.com\/sv\/#\/schema\/person\/f94c8bc63ef4685b79f99a7f92759c44"},"headline":"Om du \u00e4r i Marbella i sommar, planera en dagsutflykt till Tarifa","datePublished":"2020-07-31T09:25:00+00:00","dateModified":"2022-01-13T11:37:26+00:00","mainEntityOfPage":{"@id":"https:\/\/losnaranjos.com\/tarifa\/"},"wordCount":519,"commentCount":0,"publisher":{"@id":"https:\/\/losnaranjos.com\/sv\/#organization"},"image":{"@id":"https:\/\/losnaranjos.com\/tarifa\/#primaryimage"},"thumbnailUrl":"https:\/\/losnaranjos.com\/wp-content\/uploads\/2021\/11\/spain-5335905_1920-1024x683-1.jpg","articleSection":["Okategoriserad"],"inLanguage":"sv-SE","potentialAction":[{"@type":"CommentAction","name":"Comment","target":["https:\/\/losnaranjos.com\/tarifa\/#respond"]}]},{"@type":"WebPage","@id":"https:\/\/losnaranjos.com\/tarifa\/","url":"https:\/\/losnaranjos.com\/tarifa\/","name":"Om du \u00e4r i Marbella i sommar, planera en dagsutflykt till Tarifa - Los Naranjos Golf","isPartOf":{"@id":"https:\/\/losnaranjos.com\/sv\/#website"},"primaryImageOfPage":{"@id":"https:\/\/losnaranjos.com\/tarifa\/#primaryimage"},"image":{"@id":"https:\/\/losnaranjos.com\/tarifa\/#primaryimage"},"thumbnailUrl":"https:\/\/losnaranjos.com\/wp-content\/uploads\/2021\/11\/spain-5335905_1920-1024x683-1.jpg","datePublished":"2020-07-31T09:25:00+00:00","dateModified":"2022-01-13T11:37:26+00:00","breadcrumb":{"@id":"https:\/\/losnaranjos.com\/tarifa\/#breadcrumb"},"inLanguage":"sv-SE","potentialAction":[{"@type":"ReadAction","target":["https:\/\/losnaranjos.com\/tarifa\/"]}]},{"@type":"ImageObject","inLanguage":"sv-SE","@id":"https:\/\/losnaranjos.com\/tarifa\/#primaryimage","url":"https:\/\/losnaranjos.com\/wp-content\/uploads\/2021\/11\/spain-5335905_1920-1024x683-1.jpg","contentUrl":"https:\/\/losnaranjos.com\/wp-content\/uploads\/2021\/11\/spain-5335905_1920-1024x683-1.jpg","width":1024,"height":683},{"@type":"BreadcrumbList","@id":"https:\/\/losnaranjos.com\/tarifa\/#breadcrumb","itemListElement":[{"@type":"ListItem","position":1,"name":"Home","item":"https:\/\/losnaranjos.com\/"},{"@type":"ListItem","position":2,"name":"Om du \u00e4r i Marbella i sommar, planera en dagsutflykt till Tarifa"}]},{"@type":"WebSite","@id":"https:\/\/losnaranjos.com\/sv\/#website","url":"https:\/\/losnaranjos.com\/sv\/","name":"Los Naranjos Golf Club","description":"Marbella - Costa del Sol - Golf","publisher":{"@id":"https:\/\/losnaranjos.com\/sv\/#organization"},"potentialAction":[{"@type":"SearchAction","target":{"@type":"EntryPoint","urlTemplate":"https:\/\/losnaranjos.com\/sv\/?s={search_term_string}"},"query-input":{"@type":"PropertyValueSpecification","valueRequired":true,"valueName":"search_term_string"}}],"inLanguage":"sv-SE"},{"@type":"Organization","@id":"https:\/\/losnaranjos.com\/sv\/#organization","name":"Los Naranjos Golf Club","url":"https:\/\/losnaranjos.com\/sv\/","logo":{"@type":"ImageObject","inLanguage":"sv-SE","@id":"https:\/\/losnaranjos.com\/sv\/#\/schema\/logo\/image\/","url":"https:\/\/losnaranjos.com\/wp-content\/uploads\/2021\/12\/logo-svgd.png","contentUrl":"https:\/\/losnaranjos.com\/wp-content\/uploads\/2021\/12\/logo-svgd.png","width":191,"height":50,"caption":"Los Naranjos Golf Club"},"image":{"@id":"https:\/\/losnaranjos.com\/sv\/#\/schema\/logo\/image\/"},"sameAs":["https:\/\/www.facebook.com\/losnaranjosgc\/","https:\/\/x.com\/LosNaranjosGC","https:\/\/instagram.com\/losnaranjosgc\/","https:\/\/es.linkedin.com\/company\/losnaranjosgc"]},{"@type":"Person","@id":"https:\/\/losnaranjos.com\/sv\/#\/schema\/person\/f94c8bc63ef4685b79f99a7f92759c44","name":"fatima","image":{"@type":"ImageObject","inLanguage":"sv-SE","@id":"https:\/\/secure.gravatar.com\/avatar\/c41196ebe5a4220125e7ef621edb893fcb9b2d7d2feb6343b9f1440a2f3c1253?s=96&d=mm&r=g","url":"https:\/\/secure.gravatar.com\/avatar\/c41196ebe5a4220125e7ef621edb893fcb9b2d7d2feb6343b9f1440a2f3c1253?s=96&d=mm&r=g","contentUrl":"https:\/\/secure.gravatar.com\/avatar\/c41196ebe5a4220125e7ef621edb893fcb9b2d7d2feb6343b9f1440a2f3c1253?s=96&d=mm&r=g","caption":"fatima"}}]}},"_links":{"self":[{"href":"https:\/\/losnaranjos.com\/sv\/wp-json\/wp\/v2\/posts\/18366","targetHints":{"allow":["GET"]}}],"collection":[{"href":"https:\/\/losnaranjos.com\/sv\/wp-json\/wp\/v2\/posts"}],"about":[{"href":"https:\/\/losnaranjos.com\/sv\/wp-json\/wp\/v2\/types\/post"}],"author":[{"embeddable":true,"href":"https:\/\/losnaranjos.com\/sv\/wp-json\/wp\/v2\/users\/2"}],"replies":[{"embeddable":true,"href":"https:\/\/losnaranjos.com\/sv\/wp-json\/wp\/v2\/comments?post=18366"}],"version-history":[{"count":0,"href":"https:\/\/losnaranjos.com\/sv\/wp-json\/wp\/v2\/posts\/18366\/revisions"}],"wp:featuredmedia":[{"embeddable":true,"href":"https:\/\/losnaranjos.com\/sv\/wp-json\/wp\/v2\/media\/18367"}],"wp:attachment":[{"href":"https:\/\/losnaranjos.com\/sv\/wp-json\/wp\/v2\/media?parent=18366"}],"wp:term":[{"taxonomy":"category","embeddable":true,"href":"https:\/\/losnaranjos.com\/sv\/wp-json\/wp\/v2\/categories?post=18366"},{"taxonomy":"post_tag","embeddable":true,"href":"https:\/\/losnaranjos.com\/sv\/wp-json\/wp\/v2\/tags?post=18366"}],"curies":[{"name":"wp","href":"https:\/\/api.w.org\/{rel}","templated":true}]}}